{"id":19576,"date":"2026-03-11T09:44:48","date_gmt":"2026-03-11T08:44:48","guid":{"rendered":"https:\/\/bertalansoos.com\/?p=19576"},"modified":"2026-05-15T09:46:25","modified_gmt":"2026-05-15T07:46:25","slug":"portrefotozas-budapest-benu-magazin","status":"publish","type":"post","link":"https:\/\/bertalansoos.com\/en\/uzleti-fotozas\/portrefotozas-budapest-benu-magazin\/","title":{"rendered":"BENU Magazin \u2013 Portrait photography"},"content":{"rendered":"<div style=\"height:60px\" aria-hidden=\"true\" class=\"wp-block-spacer\"><\/div>\n\n\n\n<h2 class=\"wp-block-heading has-text-align-center has-roboto-font-family\" style=\"font-size:1.3rem;font-style:normal;font-weight:700;letter-spacing:3px;text-transform:uppercase\">BENU MAGAZIN<\/h2>\n\n\n\n<hr class=\"wp-block-separator has-alpha-channel-opacity\"\/>\n\n\n\n<p class=\"has-text-align-center has-foreground-color has-text-color has-small-font-size wp-block-paragraph\" style=\"padding-top:0;padding-right:0;padding-bottom:0;padding-left:0\">Project description: portrait photography for the lead article of the current public or professional edition of BENU Magazin, to be used as the cover image and as visual material accompanying the interview.<\/p>\n\n\n\n<p class=\"has-text-align-center has-foreground-color has-text-color has-small-font-size wp-block-paragraph\" style=\"padding-top:0;padding-right:0;padding-bottom:0;padding-left:0\">On the photos: Patr\u00edcia Kov\u00e1cs, Evelin Dobos,  Bal\u00e1zs Medveczky, G\u00e1bor Gundel Tak\u00e1cs, Zolt\u00e1n Pog\u00e1tsa<\/p>\n\n\n\n<p class=\"has-text-align-center has-foreground-color has-text-color has-small-font-size wp-block-paragraph\" style=\"padding-top:0;padding-right:0;padding-bottom:0;padding-left:0\">Client: BENU<\/p>\n\n\n\n<p class=\"has-text-align-center has-foreground-color has-text-color has-small-font-size wp-block-paragraph\" style=\"padding-top:0;padding-right:0;padding-bottom:0;padding-left:0;line-height:1\">Budapest, Hungary \/ 2024 -<\/p>\n\n\n\n<div style=\"height:12px\" aria-hidden=\"true\" class=\"wp-block-spacer\"><\/div>\n\n\n\n<figure class=\"wp-block-gallery has-nested-images columns-default is-cropped wp-block-gallery-1 is-layout-flex wp-block-gallery-is-layout-flex\">\n<figure class=\"wp-block-image size-full\"><img data-recalc-dims=\"1\" loading=\"lazy\" decoding=\"async\" width=\"1131\" height=\"1600\" data-attachment-id=\"19578\" data-permalink=\"https:\/\/bertalansoos.com\/en\/uzleti-fotozas\/portrefotozas-budapest-benu-magazin\/attachment\/benu-magazin-2024-05-majus-1\/\" data-orig-file=\"https:\/\/i0.wp.com\/bertalansoos.com\/wp-content\/uploads\/2026\/03\/benu_magazin_2024_majus_portrefotos_budapest_soos_bertalan.jpg?fit=1131%2C1600&amp;ssl=1\" data-orig-size=\"1131,1600\" data-comments-opened=\"1\" data-image-title=\"C\u00edmlapfot\u00f3 Kov\u00e1cs Patr\u00edcia\" data-image-description=\"\" data-image-caption=\"&lt;p&gt;Kov\u00e1cs Patr\u00edcia portr\u00e9fot\u00f3z\u00e1sa budapesten a BENU magazin sz\u00e1m\u00e1ra \u2013 fot\u00f3: So\u00f3s Bertalan portr\u00e9fot\u00f3s&lt;\/p&gt;\" data-large-file=\"https:\/\/i0.wp.com\/bertalansoos.com\/wp-content\/uploads\/2026\/03\/benu_magazin_2024_majus_portrefotos_budapest_soos_bertalan.jpg?fit=724%2C1024&amp;ssl=1\" data-id=\"19578\" src=\"https:\/\/i0.wp.com\/bertalansoos.com\/wp-content\/uploads\/2026\/03\/benu_magazin_2024_majus_portrefotos_budapest_soos_bertalan.jpg?resize=1131%2C1600&#038;ssl=1\" alt=\"Portr\u00e9fot\u00f3 Kov\u00e1cs Patr\u00edci\u00e1r\u00f3l a BENU magazin c\u00edmlapj\u00e1n\" class=\"wp-image-19578\" srcset=\"https:\/\/i0.wp.com\/bertalansoos.com\/wp-content\/uploads\/2026\/03\/benu_magazin_2024_majus_portrefotos_budapest_soos_bertalan.jpg?w=1131&amp;ssl=1 1131w, https:\/\/i0.wp.com\/bertalansoos.com\/wp-content\/uploads\/2026\/03\/benu_magazin_2024_majus_portrefotos_budapest_soos_bertalan.jpg?resize=212%2C300&amp;ssl=1 212w, https:\/\/i0.wp.com\/bertalansoos.com\/wp-content\/uploads\/2026\/03\/benu_magazin_2024_majus_portrefotos_budapest_soos_bertalan.jpg?resize=724%2C1024&amp;ssl=1 724w, https:\/\/i0.wp.com\/bertalansoos.com\/wp-content\/uploads\/2026\/03\/benu_magazin_2024_majus_portrefotos_budapest_soos_bertalan.jpg?resize=768%2C1086&amp;ssl=1 768w, https:\/\/i0.wp.com\/bertalansoos.com\/wp-content\/uploads\/2026\/03\/benu_magazin_2024_majus_portrefotos_budapest_soos_bertalan.jpg?resize=1086%2C1536&amp;ssl=1 1086w, https:\/\/i0.wp.com\/bertalansoos.com\/wp-content\/uploads\/2026\/03\/benu_magazin_2024_majus_portrefotos_budapest_soos_bertalan.jpg?resize=8%2C12&amp;ssl=1 8w, https:\/\/i0.wp.com\/bertalansoos.com\/wp-content\/uploads\/2026\/03\/benu_magazin_2024_majus_portrefotos_budapest_soos_bertalan.jpg?resize=900%2C1273&amp;ssl=1 900w\" sizes=\"auto, (max-width: 1131px) 100vw, 1131px\" \/><\/figure>\n\n\n\n<figure class=\"wp-block-image size-full\"><img data-recalc-dims=\"1\" loading=\"lazy\" decoding=\"async\" width=\"1131\" height=\"1600\" data-attachment-id=\"19580\" data-permalink=\"https:\/\/bertalansoos.com\/en\/uzleti-fotozas\/portrefotozas-budapest-benu-magazin\/attachment\/benu-magazin-2024-06-junius-1\/\" data-orig-file=\"https:\/\/i0.wp.com\/bertalansoos.com\/wp-content\/uploads\/2026\/03\/benu_magazin_2024_junius_portrefotos_budapest_soos_bertalan.jpg?fit=1131%2C1600&amp;ssl=1\" data-orig-size=\"1131,1600\" data-comments-opened=\"1\" data-image-title=\"C\u00edmlapfot\u00f3 Dobos Evelin\" data-image-description=\"\" data-image-caption=\"&lt;p&gt;Dobos Evelin portr\u00e9fot\u00f3z\u00e1sa budapesten a BENU magazin sz\u00e1m\u00e1ra \u2013 fot\u00f3: So\u00f3s Bertalan portr\u00e9fot\u00f3s&lt;\/p&gt;\" data-large-file=\"https:\/\/i0.wp.com\/bertalansoos.com\/wp-content\/uploads\/2026\/03\/benu_magazin_2024_junius_portrefotos_budapest_soos_bertalan.jpg?fit=724%2C1024&amp;ssl=1\" data-id=\"19580\" src=\"https:\/\/i0.wp.com\/bertalansoos.com\/wp-content\/uploads\/2026\/03\/benu_magazin_2024_junius_portrefotos_budapest_soos_bertalan.jpg?resize=1131%2C1600&#038;ssl=1\" alt=\"Portr\u00e9fot\u00f3 Dobos Evelinr\u0151l a BENU magazin c\u00edmlapj\u00e1n\" class=\"wp-image-19580\" srcset=\"https:\/\/i0.wp.com\/bertalansoos.com\/wp-content\/uploads\/2026\/03\/benu_magazin_2024_junius_portrefotos_budapest_soos_bertalan.jpg?w=1131&amp;ssl=1 1131w, https:\/\/i0.wp.com\/bertalansoos.com\/wp-content\/uploads\/2026\/03\/benu_magazin_2024_junius_portrefotos_budapest_soos_bertalan.jpg?resize=212%2C300&amp;ssl=1 212w, https:\/\/i0.wp.com\/bertalansoos.com\/wp-content\/uploads\/2026\/03\/benu_magazin_2024_junius_portrefotos_budapest_soos_bertalan.jpg?resize=724%2C1024&amp;ssl=1 724w, https:\/\/i0.wp.com\/bertalansoos.com\/wp-content\/uploads\/2026\/03\/benu_magazin_2024_junius_portrefotos_budapest_soos_bertalan.jpg?resize=768%2C1086&amp;ssl=1 768w, https:\/\/i0.wp.com\/bertalansoos.com\/wp-content\/uploads\/2026\/03\/benu_magazin_2024_junius_portrefotos_budapest_soos_bertalan.jpg?resize=1086%2C1536&amp;ssl=1 1086w, https:\/\/i0.wp.com\/bertalansoos.com\/wp-content\/uploads\/2026\/03\/benu_magazin_2024_junius_portrefotos_budapest_soos_bertalan.jpg?resize=8%2C12&amp;ssl=1 8w, https:\/\/i0.wp.com\/bertalansoos.com\/wp-content\/uploads\/2026\/03\/benu_magazin_2024_junius_portrefotos_budapest_soos_bertalan.jpg?resize=900%2C1273&amp;ssl=1 900w\" sizes=\"auto, (max-width: 1131px) 100vw, 1131px\" \/><\/figure>\n\n\n\n<figure class=\"wp-block-image size-full\"><img data-recalc-dims=\"1\" loading=\"lazy\" decoding=\"async\" width=\"1131\" height=\"1600\" data-attachment-id=\"19579\" data-permalink=\"https:\/\/bertalansoos.com\/en\/uzleti-fotozas\/portrefotozas-budapest-benu-magazin\/attachment\/benu-magazin-2025-09-szeptember-medveczky-balazs-1\/\" data-orig-file=\"https:\/\/i0.wp.com\/bertalansoos.com\/wp-content\/uploads\/2026\/03\/benu_magazin_2025_szeptember_portrefotos_budapest_soos_bertalan.jpg?fit=1131%2C1600&amp;ssl=1\" data-orig-size=\"1131,1600\" data-comments-opened=\"1\" data-image-title=\"C\u00edmlapfot\u00f3 Medveczky Bal\u00e1zs\" data-image-description=\"\" data-image-caption=\"&lt;p&gt;Medveczky Bal\u00e1zs portr\u00e9fot\u00f3z\u00e1sa egy budapesti st\u00fadi\u00f3ban a BENU magazin sz\u00e1m\u00e1ra \u2013 fot\u00f3: So\u00f3s Bertalan portr\u00e9fot\u00f3s&lt;\/p&gt;\" data-large-file=\"https:\/\/i0.wp.com\/bertalansoos.com\/wp-content\/uploads\/2026\/03\/benu_magazin_2025_szeptember_portrefotos_budapest_soos_bertalan.jpg?fit=724%2C1024&amp;ssl=1\" data-id=\"19579\" src=\"https:\/\/i0.wp.com\/bertalansoos.com\/wp-content\/uploads\/2026\/03\/benu_magazin_2025_szeptember_portrefotos_budapest_soos_bertalan.jpg?resize=1131%2C1600&#038;ssl=1\" alt=\"Portr\u00e9fot\u00f3 Medveczky Bal\u00e1zsr\u00f3l a BENU magazin c\u00edmlapj\u00e1n\" class=\"wp-image-19579\" srcset=\"https:\/\/i0.wp.com\/bertalansoos.com\/wp-content\/uploads\/2026\/03\/benu_magazin_2025_szeptember_portrefotos_budapest_soos_bertalan.jpg?w=1131&amp;ssl=1 1131w, https:\/\/i0.wp.com\/bertalansoos.com\/wp-content\/uploads\/2026\/03\/benu_magazin_2025_szeptember_portrefotos_budapest_soos_bertalan.jpg?resize=212%2C300&amp;ssl=1 212w, https:\/\/i0.wp.com\/bertalansoos.com\/wp-content\/uploads\/2026\/03\/benu_magazin_2025_szeptember_portrefotos_budapest_soos_bertalan.jpg?resize=724%2C1024&amp;ssl=1 724w, https:\/\/i0.wp.com\/bertalansoos.com\/wp-content\/uploads\/2026\/03\/benu_magazin_2025_szeptember_portrefotos_budapest_soos_bertalan.jpg?resize=768%2C1086&amp;ssl=1 768w, https:\/\/i0.wp.com\/bertalansoos.com\/wp-content\/uploads\/2026\/03\/benu_magazin_2025_szeptember_portrefotos_budapest_soos_bertalan.jpg?resize=1086%2C1536&amp;ssl=1 1086w, https:\/\/i0.wp.com\/bertalansoos.com\/wp-content\/uploads\/2026\/03\/benu_magazin_2025_szeptember_portrefotos_budapest_soos_bertalan.jpg?resize=8%2C12&amp;ssl=1 8w, https:\/\/i0.wp.com\/bertalansoos.com\/wp-content\/uploads\/2026\/03\/benu_magazin_2025_szeptember_portrefotos_budapest_soos_bertalan.jpg?resize=900%2C1273&amp;ssl=1 900w\" sizes=\"auto, (max-width: 1131px) 100vw, 1131px\" \/><\/figure>\n<\/figure>\n\n\n\n<figure class=\"wp-block-gallery has-nested-images columns-default is-cropped wp-block-gallery-2 is-layout-flex wp-block-gallery-is-layout-flex\">\n<figure class=\"wp-block-image size-large\"><img data-recalc-dims=\"1\" loading=\"lazy\" decoding=\"async\" width=\"1024\" height=\"683\" data-attachment-id=\"19583\" data-permalink=\"https:\/\/bertalansoos.com\/en\/uzleti-fotozas\/portrefotozas-budapest-benu-magazin\/attachment\/portrefotozas_sbt_2339\/\" data-orig-file=\"https:\/\/i0.wp.com\/bertalansoos.com\/wp-content\/uploads\/2026\/03\/kovacs_patricia_portrefotos_budapest_soos_bertalan_benu_04.jpg?fit=1600%2C1067&amp;ssl=1\" data-orig-size=\"1600,1067\" data-comments-opened=\"1\" data-image-title=\"Kov\u00e1cs Patr\u00edcia portr\u00e9fot\u00f3\" data-image-description=\"\" data-image-caption=\"&lt;p&gt;Kov\u00e1cs Patr\u00edcia portr\u00e9fot\u00f3z\u00e1sa a budapesti V\u00edgsz\u00ednh\u00e1zban a BENU magazin sz\u00e1m\u00e1ra \u2013 fot\u00f3: So\u00f3s Bertalan portr\u00e9fot\u00f3s&lt;\/p&gt;\" data-large-file=\"https:\/\/i0.wp.com\/bertalansoos.com\/wp-content\/uploads\/2026\/03\/kovacs_patricia_portrefotos_budapest_soos_bertalan_benu_04.jpg?fit=1024%2C683&amp;ssl=1\" data-id=\"19583\" src=\"https:\/\/i0.wp.com\/bertalansoos.com\/wp-content\/uploads\/2026\/03\/Portrefotozas_SBT_2339-1024x683.jpg?resize=1024%2C683&#038;ssl=1\" alt=\"Portr\u00e9fot\u00f3 Kov\u00e1cs Patr\u00edci\u00e1r\u00f3l a budapesti V\u00edgsz\u00ednh\u00e1z n\u00e9z\u0151ter\u00e9ben\" class=\"wp-image-19583\" srcset=\"https:\/\/i0.wp.com\/bertalansoos.com\/wp-content\/uploads\/2026\/03\/kovacs_patricia_portrefotos_budapest_soos_bertalan_benu_04.jpg?resize=1024%2C683&amp;ssl=1 1024w, https:\/\/i0.wp.com\/bertalansoos.com\/wp-content\/uploads\/2026\/03\/kovacs_patricia_portrefotos_budapest_soos_bertalan_benu_04.jpg?resize=300%2C200&amp;ssl=1 300w, https:\/\/i0.wp.com\/bertalansoos.com\/wp-content\/uploads\/2026\/03\/kovacs_patricia_portrefotos_budapest_soos_bertalan_benu_04.jpg?resize=768%2C512&amp;ssl=1 768w, https:\/\/i0.wp.com\/bertalansoos.com\/wp-content\/uploads\/2026\/03\/kovacs_patricia_portrefotos_budapest_soos_bertalan_benu_04.jpg?resize=1536%2C1024&amp;ssl=1 1536w, https:\/\/i0.wp.com\/bertalansoos.com\/wp-content\/uploads\/2026\/03\/kovacs_patricia_portrefotos_budapest_soos_bertalan_benu_04.jpg?resize=18%2C12&amp;ssl=1 18w, https:\/\/i0.wp.com\/bertalansoos.com\/wp-content\/uploads\/2026\/03\/kovacs_patricia_portrefotos_budapest_soos_bertalan_benu_04.jpg?resize=1200%2C800&amp;ssl=1 1200w, https:\/\/i0.wp.com\/bertalansoos.com\/wp-content\/uploads\/2026\/03\/kovacs_patricia_portrefotos_budapest_soos_bertalan_benu_04.jpg?resize=600%2C400&amp;ssl=1 600w, https:\/\/i0.wp.com\/bertalansoos.com\/wp-content\/uploads\/2026\/03\/kovacs_patricia_portrefotos_budapest_soos_bertalan_benu_04.jpg?resize=900%2C600&amp;ssl=1 900w, https:\/\/i0.wp.com\/bertalansoos.com\/wp-content\/uploads\/2026\/03\/kovacs_patricia_portrefotos_budapest_soos_bertalan_benu_04.jpg?w=1600&amp;ssl=1 1600w\" sizes=\"auto, (max-width: 1024px) 100vw, 1024px\" \/><\/figure>\n\n\n\n<figure class=\"wp-block-image size-large\"><img data-recalc-dims=\"1\" loading=\"lazy\" decoding=\"async\" width=\"1024\" height=\"683\" data-attachment-id=\"19587\" data-permalink=\"https:\/\/bertalansoos.com\/en\/uzleti-fotozas\/portrefotozas-budapest-benu-magazin\/attachment\/portrefotozas_sbt_2430\/\" data-orig-file=\"https:\/\/i0.wp.com\/bertalansoos.com\/wp-content\/uploads\/2026\/03\/kovacs_patricia_portrefotozas_budapest_soos_bertalan_benu_02.jpg?fit=1600%2C1067&amp;ssl=1\" data-orig-size=\"1600,1067\" data-comments-opened=\"1\" data-image-title=\"Kov\u00e1cs Patr\u00edcia portr\u00e9fot\u00f3\" data-image-description=\"\" data-image-caption=\"&lt;p&gt;Kov\u00e1cs Patr\u00edcia portr\u00e9fot\u00f3z\u00e1sa a budapesti V\u00edgsz\u00ednh\u00e1zban a BENU magazin sz\u00e1m\u00e1ra \u2013 fot\u00f3: So\u00f3s Bertalan portr\u00e9fot\u00f3s&lt;\/p&gt;\" data-large-file=\"https:\/\/i0.wp.com\/bertalansoos.com\/wp-content\/uploads\/2026\/03\/kovacs_patricia_portrefotozas_budapest_soos_bertalan_benu_02.jpg?fit=1024%2C683&amp;ssl=1\" data-id=\"19587\" src=\"https:\/\/i0.wp.com\/bertalansoos.com\/wp-content\/uploads\/2026\/03\/Portrefotozas_SBT_2430-1024x683.jpg?resize=1024%2C683&#038;ssl=1\" alt=\"\" class=\"wp-image-19587\" srcset=\"https:\/\/i0.wp.com\/bertalansoos.com\/wp-content\/uploads\/2026\/03\/kovacs_patricia_portrefotozas_budapest_soos_bertalan_benu_02.jpg?resize=1024%2C683&amp;ssl=1 1024w, https:\/\/i0.wp.com\/bertalansoos.com\/wp-content\/uploads\/2026\/03\/kovacs_patricia_portrefotozas_budapest_soos_bertalan_benu_02.jpg?resize=300%2C200&amp;ssl=1 300w, https:\/\/i0.wp.com\/bertalansoos.com\/wp-content\/uploads\/2026\/03\/kovacs_patricia_portrefotozas_budapest_soos_bertalan_benu_02.jpg?resize=768%2C512&amp;ssl=1 768w, https:\/\/i0.wp.com\/bertalansoos.com\/wp-content\/uploads\/2026\/03\/kovacs_patricia_portrefotozas_budapest_soos_bertalan_benu_02.jpg?resize=1536%2C1024&amp;ssl=1 1536w, https:\/\/i0.wp.com\/bertalansoos.com\/wp-content\/uploads\/2026\/03\/kovacs_patricia_portrefotozas_budapest_soos_bertalan_benu_02.jpg?resize=18%2C12&amp;ssl=1 18w, https:\/\/i0.wp.com\/bertalansoos.com\/wp-content\/uploads\/2026\/03\/kovacs_patricia_portrefotozas_budapest_soos_bertalan_benu_02.jpg?resize=1200%2C800&amp;ssl=1 1200w, https:\/\/i0.wp.com\/bertalansoos.com\/wp-content\/uploads\/2026\/03\/kovacs_patricia_portrefotozas_budapest_soos_bertalan_benu_02.jpg?resize=600%2C400&amp;ssl=1 600w, https:\/\/i0.wp.com\/bertalansoos.com\/wp-content\/uploads\/2026\/03\/kovacs_patricia_portrefotozas_budapest_soos_bertalan_benu_02.jpg?resize=900%2C600&amp;ssl=1 900w, https:\/\/i0.wp.com\/bertalansoos.com\/wp-content\/uploads\/2026\/03\/kovacs_patricia_portrefotozas_budapest_soos_bertalan_benu_02.jpg?w=1600&amp;ssl=1 1600w\" sizes=\"auto, (max-width: 1024px) 100vw, 1024px\" \/><\/figure>\n\n\n\n<figure class=\"wp-block-image size-large\"><img data-recalc-dims=\"1\" loading=\"lazy\" decoding=\"async\" width=\"1024\" height=\"683\" data-attachment-id=\"19590\" data-permalink=\"https:\/\/bertalansoos.com\/en\/uzleti-fotozas\/portrefotozas-budapest-benu-magazin\/attachment\/portrefotozas_sbt_2452\/\" data-orig-file=\"https:\/\/i0.wp.com\/bertalansoos.com\/wp-content\/uploads\/2026\/03\/kovacs_patricia_portrefotos_budapest_soos_bertalan_benu_02.jpg?fit=1600%2C1067&amp;ssl=1\" data-orig-size=\"1600,1067\" data-comments-opened=\"1\" data-image-title=\"Kov\u00e1cs Patr\u00edcia portr\u00e9fot\u00f3\" data-image-description=\"\" data-image-caption=\"&lt;p&gt;Kov\u00e1cs Patr\u00edcia portr\u00e9fot\u00f3z\u00e1sa a budapesti V\u00edgsz\u00ednh\u00e1zban a BENU magazin sz\u00e1m\u00e1ra \u2013 fot\u00f3: So\u00f3s Bertalan portr\u00e9fot\u00f3s&lt;\/p&gt;\" data-large-file=\"https:\/\/i0.wp.com\/bertalansoos.com\/wp-content\/uploads\/2026\/03\/kovacs_patricia_portrefotos_budapest_soos_bertalan_benu_02.jpg?fit=1024%2C683&amp;ssl=1\" data-id=\"19590\" src=\"https:\/\/i0.wp.com\/bertalansoos.com\/wp-content\/uploads\/2026\/03\/Portrefotozas_SBT_2452-1024x683.jpg?resize=1024%2C683&#038;ssl=1\" alt=\"\" class=\"wp-image-19590\" srcset=\"https:\/\/i0.wp.com\/bertalansoos.com\/wp-content\/uploads\/2026\/03\/kovacs_patricia_portrefotos_budapest_soos_bertalan_benu_02.jpg?resize=1024%2C683&amp;ssl=1 1024w, https:\/\/i0.wp.com\/bertalansoos.com\/wp-content\/uploads\/2026\/03\/kovacs_patricia_portrefotos_budapest_soos_bertalan_benu_02.jpg?resize=300%2C200&amp;ssl=1 300w, https:\/\/i0.wp.com\/bertalansoos.com\/wp-content\/uploads\/2026\/03\/kovacs_patricia_portrefotos_budapest_soos_bertalan_benu_02.jpg?resize=768%2C512&amp;ssl=1 768w, https:\/\/i0.wp.com\/bertalansoos.com\/wp-content\/uploads\/2026\/03\/kovacs_patricia_portrefotos_budapest_soos_bertalan_benu_02.jpg?resize=1536%2C1024&amp;ssl=1 1536w, https:\/\/i0.wp.com\/bertalansoos.com\/wp-content\/uploads\/2026\/03\/kovacs_patricia_portrefotos_budapest_soos_bertalan_benu_02.jpg?resize=18%2C12&amp;ssl=1 18w, https:\/\/i0.wp.com\/bertalansoos.com\/wp-content\/uploads\/2026\/03\/kovacs_patricia_portrefotos_budapest_soos_bertalan_benu_02.jpg?resize=1200%2C800&amp;ssl=1 1200w, https:\/\/i0.wp.com\/bertalansoos.com\/wp-content\/uploads\/2026\/03\/kovacs_patricia_portrefotos_budapest_soos_bertalan_benu_02.jpg?resize=600%2C400&amp;ssl=1 600w, https:\/\/i0.wp.com\/bertalansoos.com\/wp-content\/uploads\/2026\/03\/kovacs_patricia_portrefotos_budapest_soos_bertalan_benu_02.jpg?resize=900%2C600&amp;ssl=1 900w, https:\/\/i0.wp.com\/bertalansoos.com\/wp-content\/uploads\/2026\/03\/kovacs_patricia_portrefotos_budapest_soos_bertalan_benu_02.jpg?w=1600&amp;ssl=1 1600w\" sizes=\"auto, (max-width: 1024px) 100vw, 1024px\" \/><\/figure>\n\n\n\n<figure class=\"wp-block-image size-large\"><img data-recalc-dims=\"1\" loading=\"lazy\" decoding=\"async\" width=\"683\" height=\"1024\" data-attachment-id=\"19595\" data-permalink=\"https:\/\/bertalansoos.com\/en\/uzleti-fotozas\/portrefotozas-budapest-benu-magazin\/attachment\/portrefotozas_sbt_5906\/\" data-orig-file=\"https:\/\/i0.wp.com\/bertalansoos.com\/wp-content\/uploads\/2026\/03\/gundel_takacs_gabor_portrefotos_budapest_soos_bertalan_benu.jpg?fit=1067%2C1600&amp;ssl=1\" data-orig-size=\"1067,1600\" data-comments-opened=\"1\" data-image-title=\"Gundel Tak\u00e1cs G\u00e1bor portr\u00e9fot\u00f3\" data-image-description=\"\" data-image-caption=\"&lt;p&gt;Gundel Tak\u00e1cs G\u00e1bor portr\u00e9fot\u00f3z\u00e1sa Budapesten a BENU magazin sz\u00e1m\u00e1ra \u2013 fot\u00f3: So\u00f3s Bertalan portr\u00e9fot\u00f3s&lt;\/p&gt;\" data-large-file=\"https:\/\/i0.wp.com\/bertalansoos.com\/wp-content\/uploads\/2026\/03\/gundel_takacs_gabor_portrefotos_budapest_soos_bertalan_benu.jpg?fit=683%2C1024&amp;ssl=1\" data-id=\"19595\" src=\"https:\/\/i0.wp.com\/bertalansoos.com\/wp-content\/uploads\/2026\/03\/Portrefotozas_SBT_5906-683x1024.jpg?resize=683%2C1024&#038;ssl=1\" alt=\"\" class=\"wp-image-19595\" srcset=\"https:\/\/i0.wp.com\/bertalansoos.com\/wp-content\/uploads\/2026\/03\/gundel_takacs_gabor_portrefotos_budapest_soos_bertalan_benu.jpg?resize=683%2C1024&amp;ssl=1 683w, https:\/\/i0.wp.com\/bertalansoos.com\/wp-content\/uploads\/2026\/03\/gundel_takacs_gabor_portrefotos_budapest_soos_bertalan_benu.jpg?resize=200%2C300&amp;ssl=1 200w, https:\/\/i0.wp.com\/bertalansoos.com\/wp-content\/uploads\/2026\/03\/gundel_takacs_gabor_portrefotos_budapest_soos_bertalan_benu.jpg?resize=768%2C1152&amp;ssl=1 768w, https:\/\/i0.wp.com\/bertalansoos.com\/wp-content\/uploads\/2026\/03\/gundel_takacs_gabor_portrefotos_budapest_soos_bertalan_benu.jpg?resize=1024%2C1536&amp;ssl=1 1024w, https:\/\/i0.wp.com\/bertalansoos.com\/wp-content\/uploads\/2026\/03\/gundel_takacs_gabor_portrefotos_budapest_soos_bertalan_benu.jpg?resize=8%2C12&amp;ssl=1 8w, https:\/\/i0.wp.com\/bertalansoos.com\/wp-content\/uploads\/2026\/03\/gundel_takacs_gabor_portrefotos_budapest_soos_bertalan_benu.jpg?resize=900%2C1350&amp;ssl=1 900w, https:\/\/i0.wp.com\/bertalansoos.com\/wp-content\/uploads\/2026\/03\/gundel_takacs_gabor_portrefotos_budapest_soos_bertalan_benu.jpg?w=1067&amp;ssl=1 1067w\" sizes=\"auto, (max-width: 683px) 100vw, 683px\" \/><\/figure>\n\n\n\n<figure class=\"wp-block-image size-large\"><img data-recalc-dims=\"1\" loading=\"lazy\" decoding=\"async\" width=\"683\" height=\"1024\" data-attachment-id=\"19592\" data-permalink=\"https:\/\/bertalansoos.com\/en\/uzleti-fotozas\/portrefotozas-budapest-benu-magazin\/attachment\/portrefotozas_sbt_6450\/\" data-orig-file=\"https:\/\/i0.wp.com\/bertalansoos.com\/wp-content\/uploads\/2026\/03\/medveczky_balazs_portrefotos_budapest_soos_bertalan_benu_01.jpg?fit=1067%2C1600&amp;ssl=1\" data-orig-size=\"1067,1600\" data-comments-opened=\"1\" data-image-title=\"Medveczky Bal\u00e1zs portr\u00e9fot\u00f3\" data-image-description=\"\" data-image-caption=\"&lt;p&gt;Medveczky Bal\u00e1zs portr\u00e9fot\u00f3z\u00e1sa Budapesten a BENU magazin sz\u00e1m\u00e1ra \u2013 fot\u00f3: So\u00f3s Bertalan portr\u00e9fot\u00f3s&lt;\/p&gt;\" data-large-file=\"https:\/\/i0.wp.com\/bertalansoos.com\/wp-content\/uploads\/2026\/03\/medveczky_balazs_portrefotos_budapest_soos_bertalan_benu_01.jpg?fit=683%2C1024&amp;ssl=1\" data-id=\"19592\" src=\"https:\/\/i0.wp.com\/bertalansoos.com\/wp-content\/uploads\/2026\/03\/Portrefotozas_SBT_6450-683x1024.jpg?resize=683%2C1024&#038;ssl=1\" alt=\"\" class=\"wp-image-19592\" srcset=\"https:\/\/i0.wp.com\/bertalansoos.com\/wp-content\/uploads\/2026\/03\/medveczky_balazs_portrefotos_budapest_soos_bertalan_benu_01.jpg?resize=683%2C1024&amp;ssl=1 683w, https:\/\/i0.wp.com\/bertalansoos.com\/wp-content\/uploads\/2026\/03\/medveczky_balazs_portrefotos_budapest_soos_bertalan_benu_01.jpg?resize=200%2C300&amp;ssl=1 200w, https:\/\/i0.wp.com\/bertalansoos.com\/wp-content\/uploads\/2026\/03\/medveczky_balazs_portrefotos_budapest_soos_bertalan_benu_01.jpg?resize=768%2C1152&amp;ssl=1 768w, https:\/\/i0.wp.com\/bertalansoos.com\/wp-content\/uploads\/2026\/03\/medveczky_balazs_portrefotos_budapest_soos_bertalan_benu_01.jpg?resize=1024%2C1536&amp;ssl=1 1024w, https:\/\/i0.wp.com\/bertalansoos.com\/wp-content\/uploads\/2026\/03\/medveczky_balazs_portrefotos_budapest_soos_bertalan_benu_01.jpg?resize=8%2C12&amp;ssl=1 8w, https:\/\/i0.wp.com\/bertalansoos.com\/wp-content\/uploads\/2026\/03\/medveczky_balazs_portrefotos_budapest_soos_bertalan_benu_01.jpg?resize=900%2C1350&amp;ssl=1 900w, https:\/\/i0.wp.com\/bertalansoos.com\/wp-content\/uploads\/2026\/03\/medveczky_balazs_portrefotos_budapest_soos_bertalan_benu_01.jpg?w=1067&amp;ssl=1 1067w\" sizes=\"auto, (max-width: 683px) 100vw, 683px\" \/><\/figure>\n\n\n\n<figure class=\"wp-block-image size-large\"><img data-recalc-dims=\"1\" loading=\"lazy\" decoding=\"async\" width=\"683\" height=\"1024\" data-attachment-id=\"19593\" data-permalink=\"https:\/\/bertalansoos.com\/en\/uzleti-fotozas\/portrefotozas-budapest-benu-magazin\/attachment\/portrefotozas_sbt_2779m26\/\" data-orig-file=\"https:\/\/i0.wp.com\/bertalansoos.com\/wp-content\/uploads\/2026\/03\/kovacs_patricia_portrefotos_budapest_soos_bertalan_benu_01.jpg?fit=1067%2C1600&amp;ssl=1\" data-orig-size=\"1067,1600\" data-comments-opened=\"1\" data-image-title=\"Kov\u00e1cs Patr\u00edcia portr\u00e9fot\u00f3\" data-image-description=\"\" data-image-caption=\"&lt;p&gt;Kov\u00e1cs Patr\u00edcia portr\u00e9fot\u00f3z\u00e1sa Budapesten a BENU magazin sz\u00e1m\u00e1ra \u2013 fot\u00f3: So\u00f3s Bertalan portr\u00e9fot\u00f3s&lt;\/p&gt;\" data-large-file=\"https:\/\/i0.wp.com\/bertalansoos.com\/wp-content\/uploads\/2026\/03\/kovacs_patricia_portrefotos_budapest_soos_bertalan_benu_01.jpg?fit=683%2C1024&amp;ssl=1\" data-id=\"19593\" src=\"https:\/\/i0.wp.com\/bertalansoos.com\/wp-content\/uploads\/2026\/03\/Portrefotozas_SBT_2779m26-683x1024.jpg?resize=683%2C1024&#038;ssl=1\" alt=\"\" class=\"wp-image-19593\" srcset=\"https:\/\/i0.wp.com\/bertalansoos.com\/wp-content\/uploads\/2026\/03\/kovacs_patricia_portrefotos_budapest_soos_bertalan_benu_01.jpg?resize=683%2C1024&amp;ssl=1 683w, https:\/\/i0.wp.com\/bertalansoos.com\/wp-content\/uploads\/2026\/03\/kovacs_patricia_portrefotos_budapest_soos_bertalan_benu_01.jpg?resize=200%2C300&amp;ssl=1 200w, https:\/\/i0.wp.com\/bertalansoos.com\/wp-content\/uploads\/2026\/03\/kovacs_patricia_portrefotos_budapest_soos_bertalan_benu_01.jpg?resize=768%2C1152&amp;ssl=1 768w, https:\/\/i0.wp.com\/bertalansoos.com\/wp-content\/uploads\/2026\/03\/kovacs_patricia_portrefotos_budapest_soos_bertalan_benu_01.jpg?resize=1024%2C1536&amp;ssl=1 1024w, https:\/\/i0.wp.com\/bertalansoos.com\/wp-content\/uploads\/2026\/03\/kovacs_patricia_portrefotos_budapest_soos_bertalan_benu_01.jpg?resize=8%2C12&amp;ssl=1 8w, https:\/\/i0.wp.com\/bertalansoos.com\/wp-content\/uploads\/2026\/03\/kovacs_patricia_portrefotos_budapest_soos_bertalan_benu_01.jpg?resize=900%2C1350&amp;ssl=1 900w, https:\/\/i0.wp.com\/bertalansoos.com\/wp-content\/uploads\/2026\/03\/kovacs_patricia_portrefotos_budapest_soos_bertalan_benu_01.jpg?w=1067&amp;ssl=1 1067w\" sizes=\"auto, (max-width: 683px) 100vw, 683px\" \/><\/figure>\n\n\n\n<figure class=\"wp-block-image size-large\"><img data-recalc-dims=\"1\" loading=\"lazy\" decoding=\"async\" width=\"1024\" height=\"683\" data-attachment-id=\"19597\" data-permalink=\"https:\/\/bertalansoos.com\/en\/uzleti-fotozas\/portrefotozas-budapest-benu-magazin\/attachment\/portrefotozas_sbt_5744\/\" data-orig-file=\"https:\/\/i0.wp.com\/bertalansoos.com\/wp-content\/uploads\/2026\/03\/dobos_evelin_portrefotos_budapest_soos_bertalan.jpg?fit=1600%2C1067&amp;ssl=1\" data-orig-size=\"1600,1067\" data-comments-opened=\"1\" data-image-title=\"Dobos Evelin portr\u00e9fot\u00f3\" data-image-description=\"\" data-image-caption=\"&lt;p&gt;Dobos Evelin portr\u00e9fot\u00f3z\u00e1sa Budapesten a BENU magazin sz\u00e1m\u00e1ra \u2013 fot\u00f3: So\u00f3s Bertalan portr\u00e9fot\u00f3s&lt;\/p&gt;\" data-large-file=\"https:\/\/i0.wp.com\/bertalansoos.com\/wp-content\/uploads\/2026\/03\/dobos_evelin_portrefotos_budapest_soos_bertalan.jpg?fit=1024%2C683&amp;ssl=1\" data-id=\"19597\" src=\"https:\/\/i0.wp.com\/bertalansoos.com\/wp-content\/uploads\/2026\/03\/Portrefotozas_SBT_5744-1024x683.jpg?resize=1024%2C683&#038;ssl=1\" alt=\"\" class=\"wp-image-19597\" srcset=\"https:\/\/i0.wp.com\/bertalansoos.com\/wp-content\/uploads\/2026\/03\/dobos_evelin_portrefotos_budapest_soos_bertalan.jpg?resize=1024%2C683&amp;ssl=1 1024w, https:\/\/i0.wp.com\/bertalansoos.com\/wp-content\/uploads\/2026\/03\/dobos_evelin_portrefotos_budapest_soos_bertalan.jpg?resize=300%2C200&amp;ssl=1 300w, https:\/\/i0.wp.com\/bertalansoos.com\/wp-content\/uploads\/2026\/03\/dobos_evelin_portrefotos_budapest_soos_bertalan.jpg?resize=768%2C512&amp;ssl=1 768w, https:\/\/i0.wp.com\/bertalansoos.com\/wp-content\/uploads\/2026\/03\/dobos_evelin_portrefotos_budapest_soos_bertalan.jpg?resize=1536%2C1024&amp;ssl=1 1536w, https:\/\/i0.wp.com\/bertalansoos.com\/wp-content\/uploads\/2026\/03\/dobos_evelin_portrefotos_budapest_soos_bertalan.jpg?resize=18%2C12&amp;ssl=1 18w, https:\/\/i0.wp.com\/bertalansoos.com\/wp-content\/uploads\/2026\/03\/dobos_evelin_portrefotos_budapest_soos_bertalan.jpg?resize=1200%2C800&amp;ssl=1 1200w, https:\/\/i0.wp.com\/bertalansoos.com\/wp-content\/uploads\/2026\/03\/dobos_evelin_portrefotos_budapest_soos_bertalan.jpg?resize=600%2C400&amp;ssl=1 600w, https:\/\/i0.wp.com\/bertalansoos.com\/wp-content\/uploads\/2026\/03\/dobos_evelin_portrefotos_budapest_soos_bertalan.jpg?resize=900%2C600&amp;ssl=1 900w, https:\/\/i0.wp.com\/bertalansoos.com\/wp-content\/uploads\/2026\/03\/dobos_evelin_portrefotos_budapest_soos_bertalan.jpg?w=1600&amp;ssl=1 1600w\" sizes=\"auto, (max-width: 1024px) 100vw, 1024px\" \/><\/figure>\n\n\n\n<figure class=\"wp-block-image size-large\"><img data-recalc-dims=\"1\" loading=\"lazy\" decoding=\"async\" width=\"1024\" height=\"683\" data-attachment-id=\"19596\" data-permalink=\"https:\/\/bertalansoos.com\/en\/uzleti-fotozas\/portrefotozas-budapest-benu-magazin\/attachment\/portrefotozas_sbt_6007\/\" data-orig-file=\"https:\/\/i0.wp.com\/bertalansoos.com\/wp-content\/uploads\/2026\/03\/gundel_takacs_gabor_portrefotozas_budapest_soos_bertalan_benu_01.jpg?fit=1600%2C1067&amp;ssl=1\" data-orig-size=\"1600,1067\" data-comments-opened=\"1\" data-image-title=\"Gundel Tak\u00e1cs G\u00e1bor portr\u00e9fot\u00f3\" data-image-description=\"\" data-image-caption=\"&lt;p&gt;Gundel Tak\u00e1cs G\u00e1bor portr\u00e9fot\u00f3z\u00e1sa Budapesten a BENU magazin sz\u00e1m\u00e1ra \u2013 fot\u00f3: So\u00f3s Bertalan portr\u00e9fot\u00f3s&lt;\/p&gt;\" data-large-file=\"https:\/\/i0.wp.com\/bertalansoos.com\/wp-content\/uploads\/2026\/03\/gundel_takacs_gabor_portrefotozas_budapest_soos_bertalan_benu_01.jpg?fit=1024%2C683&amp;ssl=1\" data-id=\"19596\" src=\"https:\/\/i0.wp.com\/bertalansoos.com\/wp-content\/uploads\/2026\/03\/Portrefotozas_SBT_6007-1024x683.jpg?resize=1024%2C683&#038;ssl=1\" alt=\"\" class=\"wp-image-19596\" srcset=\"https:\/\/i0.wp.com\/bertalansoos.com\/wp-content\/uploads\/2026\/03\/gundel_takacs_gabor_portrefotozas_budapest_soos_bertalan_benu_01.jpg?resize=1024%2C683&amp;ssl=1 1024w, https:\/\/i0.wp.com\/bertalansoos.com\/wp-content\/uploads\/2026\/03\/gundel_takacs_gabor_portrefotozas_budapest_soos_bertalan_benu_01.jpg?resize=300%2C200&amp;ssl=1 300w, https:\/\/i0.wp.com\/bertalansoos.com\/wp-content\/uploads\/2026\/03\/gundel_takacs_gabor_portrefotozas_budapest_soos_bertalan_benu_01.jpg?resize=768%2C512&amp;ssl=1 768w, https:\/\/i0.wp.com\/bertalansoos.com\/wp-content\/uploads\/2026\/03\/gundel_takacs_gabor_portrefotozas_budapest_soos_bertalan_benu_01.jpg?resize=1536%2C1024&amp;ssl=1 1536w, https:\/\/i0.wp.com\/bertalansoos.com\/wp-content\/uploads\/2026\/03\/gundel_takacs_gabor_portrefotozas_budapest_soos_bertalan_benu_01.jpg?resize=18%2C12&amp;ssl=1 18w, https:\/\/i0.wp.com\/bertalansoos.com\/wp-content\/uploads\/2026\/03\/gundel_takacs_gabor_portrefotozas_budapest_soos_bertalan_benu_01.jpg?resize=1200%2C800&amp;ssl=1 1200w, https:\/\/i0.wp.com\/bertalansoos.com\/wp-content\/uploads\/2026\/03\/gundel_takacs_gabor_portrefotozas_budapest_soos_bertalan_benu_01.jpg?resize=600%2C400&amp;ssl=1 600w, https:\/\/i0.wp.com\/bertalansoos.com\/wp-content\/uploads\/2026\/03\/gundel_takacs_gabor_portrefotozas_budapest_soos_bertalan_benu_01.jpg?resize=900%2C600&amp;ssl=1 900w, https:\/\/i0.wp.com\/bertalansoos.com\/wp-content\/uploads\/2026\/03\/gundel_takacs_gabor_portrefotozas_budapest_soos_bertalan_benu_01.jpg?w=1600&amp;ssl=1 1600w\" sizes=\"auto, (max-width: 1024px) 100vw, 1024px\" \/><\/figure>\n\n\n\n<figure class=\"wp-block-image size-large\"><img data-recalc-dims=\"1\" loading=\"lazy\" decoding=\"async\" width=\"1024\" height=\"683\" data-attachment-id=\"19585\" data-permalink=\"https:\/\/bertalansoos.com\/en\/uzleti-fotozas\/portrefotozas-budapest-benu-magazin\/attachment\/portrefotozas_sbt_6548\/\" data-orig-file=\"https:\/\/i0.wp.com\/bertalansoos.com\/wp-content\/uploads\/2026\/03\/medveczky_balazs_portrefotos_budapest_soos_bertalan_budapest.jpg?fit=1600%2C1067&amp;ssl=1\" data-orig-size=\"1600,1067\" data-comments-opened=\"1\" data-image-title=\"Medveczky Bal\u00e1zs portr\u00e9fot\u00f3\" data-image-description=\"\" data-image-caption=\"&lt;p&gt;Medveczky Bal\u00e1zs portr\u00e9fot\u00f3z\u00e1sa egy budapesti st\u00fadi\u00f3ban a BENU magazin sz\u00e1m\u00e1ra \u2013 fot\u00f3: So\u00f3s Bertalan portr\u00e9fot\u00f3s&lt;\/p&gt;\" data-large-file=\"https:\/\/i0.wp.com\/bertalansoos.com\/wp-content\/uploads\/2026\/03\/medveczky_balazs_portrefotos_budapest_soos_bertalan_budapest.jpg?fit=1024%2C683&amp;ssl=1\" data-id=\"19585\" src=\"https:\/\/i0.wp.com\/bertalansoos.com\/wp-content\/uploads\/2026\/03\/Portrefotozas_SBT_6548-1024x683.jpg?resize=1024%2C683&#038;ssl=1\" alt=\"\" class=\"wp-image-19585\" srcset=\"https:\/\/i0.wp.com\/bertalansoos.com\/wp-content\/uploads\/2026\/03\/medveczky_balazs_portrefotos_budapest_soos_bertalan_budapest.jpg?resize=1024%2C683&amp;ssl=1 1024w, https:\/\/i0.wp.com\/bertalansoos.com\/wp-content\/uploads\/2026\/03\/medveczky_balazs_portrefotos_budapest_soos_bertalan_budapest.jpg?resize=300%2C200&amp;ssl=1 300w, https:\/\/i0.wp.com\/bertalansoos.com\/wp-content\/uploads\/2026\/03\/medveczky_balazs_portrefotos_budapest_soos_bertalan_budapest.jpg?resize=768%2C512&amp;ssl=1 768w, https:\/\/i0.wp.com\/bertalansoos.com\/wp-content\/uploads\/2026\/03\/medveczky_balazs_portrefotos_budapest_soos_bertalan_budapest.jpg?resize=1536%2C1024&amp;ssl=1 1536w, https:\/\/i0.wp.com\/bertalansoos.com\/wp-content\/uploads\/2026\/03\/medveczky_balazs_portrefotos_budapest_soos_bertalan_budapest.jpg?resize=18%2C12&amp;ssl=1 18w, https:\/\/i0.wp.com\/bertalansoos.com\/wp-content\/uploads\/2026\/03\/medveczky_balazs_portrefotos_budapest_soos_bertalan_budapest.jpg?resize=1200%2C800&amp;ssl=1 1200w, https:\/\/i0.wp.com\/bertalansoos.com\/wp-content\/uploads\/2026\/03\/medveczky_balazs_portrefotos_budapest_soos_bertalan_budapest.jpg?resize=600%2C400&amp;ssl=1 600w, https:\/\/i0.wp.com\/bertalansoos.com\/wp-content\/uploads\/2026\/03\/medveczky_balazs_portrefotos_budapest_soos_bertalan_budapest.jpg?resize=900%2C600&amp;ssl=1 900w, https:\/\/i0.wp.com\/bertalansoos.com\/wp-content\/uploads\/2026\/03\/medveczky_balazs_portrefotos_budapest_soos_bertalan_budapest.jpg?w=1600&amp;ssl=1 1600w\" sizes=\"auto, (max-width: 1024px) 100vw, 1024px\" \/><\/figure>\n\n\n\n<figure class=\"wp-block-image size-large\"><img data-recalc-dims=\"1\" loading=\"lazy\" decoding=\"async\" width=\"683\" height=\"1024\" data-attachment-id=\"19584\" data-permalink=\"https:\/\/bertalansoos.com\/en\/uzleti-fotozas\/portrefotozas-budapest-benu-magazin\/attachment\/portrefotozas_sbt_6721\/\" data-orig-file=\"https:\/\/i0.wp.com\/bertalansoos.com\/wp-content\/uploads\/2026\/03\/medveczky_balazs_portrefotos_budapest_soos_bertalan_benu_02.jpg?fit=1067%2C1600&amp;ssl=1\" data-orig-size=\"1067,1600\" data-comments-opened=\"1\" data-image-title=\"Medveczky Bal\u00e1zs portr\u00e9fot\u00f3\" data-image-description=\"\" data-image-caption=\"&lt;p&gt;Medveczky Bal\u00e1zs portr\u00e9fot\u00f3z\u00e1sa egy budapesti st\u00fadi\u00f3ban a BENU magazin sz\u00e1m\u00e1ra \u2013 fot\u00f3: So\u00f3s Bertalan portr\u00e9fot\u00f3s&lt;\/p&gt;\" data-large-file=\"https:\/\/i0.wp.com\/bertalansoos.com\/wp-content\/uploads\/2026\/03\/medveczky_balazs_portrefotos_budapest_soos_bertalan_benu_02.jpg?fit=683%2C1024&amp;ssl=1\" data-id=\"19584\" src=\"https:\/\/i0.wp.com\/bertalansoos.com\/wp-content\/uploads\/2026\/03\/Portrefotozas_SBT_6721-683x1024.jpg?resize=683%2C1024&#038;ssl=1\" alt=\"\" class=\"wp-image-19584\" srcset=\"https:\/\/i0.wp.com\/bertalansoos.com\/wp-content\/uploads\/2026\/03\/medveczky_balazs_portrefotos_budapest_soos_bertalan_benu_02.jpg?resize=683%2C1024&amp;ssl=1 683w, https:\/\/i0.wp.com\/bertalansoos.com\/wp-content\/uploads\/2026\/03\/medveczky_balazs_portrefotos_budapest_soos_bertalan_benu_02.jpg?resize=200%2C300&amp;ssl=1 200w, https:\/\/i0.wp.com\/bertalansoos.com\/wp-content\/uploads\/2026\/03\/medveczky_balazs_portrefotos_budapest_soos_bertalan_benu_02.jpg?resize=768%2C1152&amp;ssl=1 768w, https:\/\/i0.wp.com\/bertalansoos.com\/wp-content\/uploads\/2026\/03\/medveczky_balazs_portrefotos_budapest_soos_bertalan_benu_02.jpg?resize=1024%2C1536&amp;ssl=1 1024w, https:\/\/i0.wp.com\/bertalansoos.com\/wp-content\/uploads\/2026\/03\/medveczky_balazs_portrefotos_budapest_soos_bertalan_benu_02.jpg?resize=8%2C12&amp;ssl=1 8w, https:\/\/i0.wp.com\/bertalansoos.com\/wp-content\/uploads\/2026\/03\/medveczky_balazs_portrefotos_budapest_soos_bertalan_benu_02.jpg?resize=900%2C1350&amp;ssl=1 900w, https:\/\/i0.wp.com\/bertalansoos.com\/wp-content\/uploads\/2026\/03\/medveczky_balazs_portrefotos_budapest_soos_bertalan_benu_02.jpg?w=1067&amp;ssl=1 1067w\" sizes=\"auto, (max-width: 683px) 100vw, 683px\" \/><\/figure>\n\n\n\n<figure class=\"wp-block-image size-large\"><img data-recalc-dims=\"1\" loading=\"lazy\" decoding=\"async\" width=\"683\" height=\"1024\" data-attachment-id=\"19582\" data-permalink=\"https:\/\/bertalansoos.com\/en\/uzleti-fotozas\/portrefotozas-budapest-benu-magazin\/attachment\/portrefotozas_sbt_5884\/\" data-orig-file=\"https:\/\/i0.wp.com\/bertalansoos.com\/wp-content\/uploads\/2026\/03\/portrefotozas_sbt_5884.jpg?fit=1067%2C1600&amp;ssl=1\" data-orig-size=\"1067,1600\" data-comments-opened=\"1\" data-image-title=\"Dobos Evelin portr\u00e9fot\u00f3\" data-image-description=\"\" data-image-caption=\"&lt;p&gt;Dobos Evelin portr\u00e9fot\u00f3z\u00e1sa egy budapesti st\u00fadi\u00f3ban a BENU magazin sz\u00e1m\u00e1ra \u2013 fot\u00f3: So\u00f3s Bertalan portr\u00e9fot\u00f3s&lt;\/p&gt;\" data-large-file=\"https:\/\/i0.wp.com\/bertalansoos.com\/wp-content\/uploads\/2026\/03\/portrefotozas_sbt_5884.jpg?fit=683%2C1024&amp;ssl=1\" data-id=\"19582\" src=\"https:\/\/i0.wp.com\/bertalansoos.com\/wp-content\/uploads\/2026\/03\/Portrefotozas_SBT_5884-683x1024.jpg?resize=683%2C1024&#038;ssl=1\" alt=\"\" class=\"wp-image-19582\" srcset=\"https:\/\/i0.wp.com\/bertalansoos.com\/wp-content\/uploads\/2026\/03\/portrefotozas_sbt_5884.jpg?resize=683%2C1024&amp;ssl=1 683w, https:\/\/i0.wp.com\/bertalansoos.com\/wp-content\/uploads\/2026\/03\/portrefotozas_sbt_5884.jpg?resize=200%2C300&amp;ssl=1 200w, https:\/\/i0.wp.com\/bertalansoos.com\/wp-content\/uploads\/2026\/03\/portrefotozas_sbt_5884.jpg?resize=768%2C1152&amp;ssl=1 768w, https:\/\/i0.wp.com\/bertalansoos.com\/wp-content\/uploads\/2026\/03\/portrefotozas_sbt_5884.jpg?resize=1024%2C1536&amp;ssl=1 1024w, https:\/\/i0.wp.com\/bertalansoos.com\/wp-content\/uploads\/2026\/03\/portrefotozas_sbt_5884.jpg?resize=8%2C12&amp;ssl=1 8w, https:\/\/i0.wp.com\/bertalansoos.com\/wp-content\/uploads\/2026\/03\/portrefotozas_sbt_5884.jpg?resize=900%2C1350&amp;ssl=1 900w, https:\/\/i0.wp.com\/bertalansoos.com\/wp-content\/uploads\/2026\/03\/portrefotozas_sbt_5884.jpg?w=1067&amp;ssl=1 1067w\" sizes=\"auto, (max-width: 683px) 100vw, 683px\" \/><\/figure>\n\n\n\n<figure class=\"wp-block-image size-large\"><img data-recalc-dims=\"1\" loading=\"lazy\" decoding=\"async\" width=\"683\" height=\"1024\" data-attachment-id=\"19598\" data-permalink=\"https:\/\/bertalansoos.com\/en\/uzleti-fotozas\/portrefotozas-budapest-benu-magazin\/attachment\/portrefotozas_sbt_9336\/\" data-orig-file=\"https:\/\/i0.wp.com\/bertalansoos.com\/wp-content\/uploads\/2026\/03\/pogatsa_zoltan_portrefotos_budapest_soos_bertalan.jpg?fit=1067%2C1600&amp;ssl=1\" data-orig-size=\"1067,1600\" data-comments-opened=\"1\" data-image-title=\"Pog\u00e1tsa Zolt\u00e1n portr\u00e9fot\u00f3\" data-image-description=\"\" data-image-caption=\"&lt;p&gt;Pog\u00e1tsa Zolt\u00e1n portr\u00e9fot\u00f3z\u00e1sa egy budapesti st\u00fadi\u00f3ban a BENU magazin sz\u00e1m\u00e1ra \u2013 fot\u00f3: So\u00f3s Bertalan portr\u00e9fot\u00f3s&lt;\/p&gt;\" data-large-file=\"https:\/\/i0.wp.com\/bertalansoos.com\/wp-content\/uploads\/2026\/03\/pogatsa_zoltan_portrefotos_budapest_soos_bertalan.jpg?fit=683%2C1024&amp;ssl=1\" data-id=\"19598\" src=\"https:\/\/i0.wp.com\/bertalansoos.com\/wp-content\/uploads\/2026\/03\/Portrefotozas_SBT_9336-683x1024.jpg?resize=683%2C1024&#038;ssl=1\" alt=\"\" class=\"wp-image-19598\" srcset=\"https:\/\/i0.wp.com\/bertalansoos.com\/wp-content\/uploads\/2026\/03\/pogatsa_zoltan_portrefotos_budapest_soos_bertalan.jpg?resize=683%2C1024&amp;ssl=1 683w, https:\/\/i0.wp.com\/bertalansoos.com\/wp-content\/uploads\/2026\/03\/pogatsa_zoltan_portrefotos_budapest_soos_bertalan.jpg?resize=200%2C300&amp;ssl=1 200w, https:\/\/i0.wp.com\/bertalansoos.com\/wp-content\/uploads\/2026\/03\/pogatsa_zoltan_portrefotos_budapest_soos_bertalan.jpg?resize=768%2C1152&amp;ssl=1 768w, https:\/\/i0.wp.com\/bertalansoos.com\/wp-content\/uploads\/2026\/03\/pogatsa_zoltan_portrefotos_budapest_soos_bertalan.jpg?resize=1024%2C1536&amp;ssl=1 1024w, https:\/\/i0.wp.com\/bertalansoos.com\/wp-content\/uploads\/2026\/03\/pogatsa_zoltan_portrefotos_budapest_soos_bertalan.jpg?resize=8%2C12&amp;ssl=1 8w, https:\/\/i0.wp.com\/bertalansoos.com\/wp-content\/uploads\/2026\/03\/pogatsa_zoltan_portrefotos_budapest_soos_bertalan.jpg?resize=900%2C1350&amp;ssl=1 900w, https:\/\/i0.wp.com\/bertalansoos.com\/wp-content\/uploads\/2026\/03\/pogatsa_zoltan_portrefotos_budapest_soos_bertalan.jpg?w=1067&amp;ssl=1 1067w\" sizes=\"auto, (max-width: 683px) 100vw, 683px\" \/><\/figure>\n\n\n\n<figure class=\"wp-block-image size-large\"><img data-recalc-dims=\"1\" loading=\"lazy\" decoding=\"async\" width=\"683\" height=\"1024\" data-attachment-id=\"19588\" data-permalink=\"https:\/\/bertalansoos.com\/en\/uzleti-fotozas\/portrefotozas-budapest-benu-magazin\/attachment\/portrefotozas_sbt_2496\/\" data-orig-file=\"https:\/\/i0.wp.com\/bertalansoos.com\/wp-content\/uploads\/2026\/03\/kovacs_patricia_portrefotos_budapest_soos_bertalan_benu_03.jpg?fit=1067%2C1600&amp;ssl=1\" data-orig-size=\"1067,1600\" data-comments-opened=\"1\" data-image-title=\"Kov\u00e1cs Patr\u00edcia portr\u00e9fot\u00f3\" data-image-description=\"\" data-image-caption=\"&lt;p&gt;Kov\u00e1cs Patr\u00edcia portr\u00e9fot\u00f3z\u00e1sa a budapesti V\u00edgsz\u00ednh\u00e1zban a BENU magazin sz\u00e1m\u00e1ra \u2013 fot\u00f3: So\u00f3s Bertalan portr\u00e9fot\u00f3s&lt;\/p&gt;\" data-large-file=\"https:\/\/i0.wp.com\/bertalansoos.com\/wp-content\/uploads\/2026\/03\/kovacs_patricia_portrefotos_budapest_soos_bertalan_benu_03.jpg?fit=683%2C1024&amp;ssl=1\" data-id=\"19588\" src=\"https:\/\/i0.wp.com\/bertalansoos.com\/wp-content\/uploads\/2026\/03\/Portrefotozas_SBT_2496-683x1024.jpg?resize=683%2C1024&#038;ssl=1\" alt=\"\" class=\"wp-image-19588\" srcset=\"https:\/\/i0.wp.com\/bertalansoos.com\/wp-content\/uploads\/2026\/03\/kovacs_patricia_portrefotos_budapest_soos_bertalan_benu_03.jpg?resize=683%2C1024&amp;ssl=1 683w, https:\/\/i0.wp.com\/bertalansoos.com\/wp-content\/uploads\/2026\/03\/kovacs_patricia_portrefotos_budapest_soos_bertalan_benu_03.jpg?resize=200%2C300&amp;ssl=1 200w, https:\/\/i0.wp.com\/bertalansoos.com\/wp-content\/uploads\/2026\/03\/kovacs_patricia_portrefotos_budapest_soos_bertalan_benu_03.jpg?resize=768%2C1152&amp;ssl=1 768w, https:\/\/i0.wp.com\/bertalansoos.com\/wp-content\/uploads\/2026\/03\/kovacs_patricia_portrefotos_budapest_soos_bertalan_benu_03.jpg?resize=1024%2C1536&amp;ssl=1 1024w, https:\/\/i0.wp.com\/bertalansoos.com\/wp-content\/uploads\/2026\/03\/kovacs_patricia_portrefotos_budapest_soos_bertalan_benu_03.jpg?resize=8%2C12&amp;ssl=1 8w, https:\/\/i0.wp.com\/bertalansoos.com\/wp-content\/uploads\/2026\/03\/kovacs_patricia_portrefotos_budapest_soos_bertalan_benu_03.jpg?resize=900%2C1350&amp;ssl=1 900w, https:\/\/i0.wp.com\/bertalansoos.com\/wp-content\/uploads\/2026\/03\/kovacs_patricia_portrefotos_budapest_soos_bertalan_benu_03.jpg?w=1067&amp;ssl=1 1067w\" sizes=\"auto, (max-width: 683px) 100vw, 683px\" \/><\/figure>\n\n\n\n<figure class=\"wp-block-image size-large\"><img data-recalc-dims=\"1\" loading=\"lazy\" decoding=\"async\" width=\"683\" height=\"1024\" data-attachment-id=\"19591\" data-permalink=\"https:\/\/bertalansoos.com\/en\/uzleti-fotozas\/portrefotozas-budapest-benu-magazin\/attachment\/portrefotozas_sbt_6352\/\" data-orig-file=\"https:\/\/i0.wp.com\/bertalansoos.com\/wp-content\/uploads\/2026\/03\/dobos_evelin_portrefotozas_budapest_soos_bertalan_benu_01.jpg?fit=1067%2C1600&amp;ssl=1\" data-orig-size=\"1067,1600\" data-comments-opened=\"1\" data-image-title=\"Dobos Evelin portr\u00e9fot\u00f3\" data-image-description=\"\" data-image-caption=\"&lt;p&gt;Dobos Evelin portr\u00e9fot\u00f3z\u00e1sa egy budapesti st\u00fadi\u00f3ban a BENU magazin sz\u00e1m\u00e1ra \u2013 fot\u00f3: So\u00f3s Bertalan portr\u00e9fot\u00f3s&lt;\/p&gt;\" data-large-file=\"https:\/\/i0.wp.com\/bertalansoos.com\/wp-content\/uploads\/2026\/03\/dobos_evelin_portrefotozas_budapest_soos_bertalan_benu_01.jpg?fit=683%2C1024&amp;ssl=1\" data-id=\"19591\" src=\"https:\/\/i0.wp.com\/bertalansoos.com\/wp-content\/uploads\/2026\/03\/Portrefotozas_SBT_6352-683x1024.jpg?resize=683%2C1024&#038;ssl=1\" alt=\"\" class=\"wp-image-19591\" srcset=\"https:\/\/i0.wp.com\/bertalansoos.com\/wp-content\/uploads\/2026\/03\/dobos_evelin_portrefotozas_budapest_soos_bertalan_benu_01.jpg?resize=683%2C1024&amp;ssl=1 683w, https:\/\/i0.wp.com\/bertalansoos.com\/wp-content\/uploads\/2026\/03\/dobos_evelin_portrefotozas_budapest_soos_bertalan_benu_01.jpg?resize=200%2C300&amp;ssl=1 200w, https:\/\/i0.wp.com\/bertalansoos.com\/wp-content\/uploads\/2026\/03\/dobos_evelin_portrefotozas_budapest_soos_bertalan_benu_01.jpg?resize=768%2C1152&amp;ssl=1 768w, https:\/\/i0.wp.com\/bertalansoos.com\/wp-content\/uploads\/2026\/03\/dobos_evelin_portrefotozas_budapest_soos_bertalan_benu_01.jpg?resize=1024%2C1536&amp;ssl=1 1024w, https:\/\/i0.wp.com\/bertalansoos.com\/wp-content\/uploads\/2026\/03\/dobos_evelin_portrefotozas_budapest_soos_bertalan_benu_01.jpg?resize=8%2C12&amp;ssl=1 8w, https:\/\/i0.wp.com\/bertalansoos.com\/wp-content\/uploads\/2026\/03\/dobos_evelin_portrefotozas_budapest_soos_bertalan_benu_01.jpg?resize=900%2C1350&amp;ssl=1 900w, https:\/\/i0.wp.com\/bertalansoos.com\/wp-content\/uploads\/2026\/03\/dobos_evelin_portrefotozas_budapest_soos_bertalan_benu_01.jpg?w=1067&amp;ssl=1 1067w\" sizes=\"auto, (max-width: 683px) 100vw, 683px\" \/><\/figure>\n\n\n\n<figure class=\"wp-block-image size-large\"><img data-recalc-dims=\"1\" loading=\"lazy\" decoding=\"async\" width=\"683\" height=\"1024\" data-attachment-id=\"19589\" data-permalink=\"https:\/\/bertalansoos.com\/en\/uzleti-fotozas\/portrefotozas-budapest-benu-magazin\/attachment\/portrefotozas_sbt_2473\/\" data-orig-file=\"https:\/\/i0.wp.com\/bertalansoos.com\/wp-content\/uploads\/2026\/03\/kovacs_patricia_portrefotozas_budapest_soos_bertalan_benu_01.jpg?fit=1067%2C1600&amp;ssl=1\" data-orig-size=\"1067,1600\" data-comments-opened=\"1\" data-image-title=\"Kov\u00e1cs Patr\u00edcia portr\u00e9fot\u00f3\" data-image-description=\"\" data-image-caption=\"&lt;p&gt;Kov\u00e1cs Patr\u00edcia portr\u00e9fot\u00f3z\u00e1sa a budapesti V\u00edgsz\u00ednh\u00e1zban a BENU magazin sz\u00e1m\u00e1ra \u2013 fot\u00f3: So\u00f3s Bertalan portr\u00e9fot\u00f3s&lt;\/p&gt;\" data-large-file=\"https:\/\/i0.wp.com\/bertalansoos.com\/wp-content\/uploads\/2026\/03\/kovacs_patricia_portrefotozas_budapest_soos_bertalan_benu_01.jpg?fit=683%2C1024&amp;ssl=1\" data-id=\"19589\" src=\"https:\/\/i0.wp.com\/bertalansoos.com\/wp-content\/uploads\/2026\/03\/Portrefotozas_SBT_2473-683x1024.jpg?resize=683%2C1024&#038;ssl=1\" alt=\"\" class=\"wp-image-19589\" srcset=\"https:\/\/i0.wp.com\/bertalansoos.com\/wp-content\/uploads\/2026\/03\/kovacs_patricia_portrefotozas_budapest_soos_bertalan_benu_01.jpg?resize=683%2C1024&amp;ssl=1 683w, https:\/\/i0.wp.com\/bertalansoos.com\/wp-content\/uploads\/2026\/03\/kovacs_patricia_portrefotozas_budapest_soos_bertalan_benu_01.jpg?resize=200%2C300&amp;ssl=1 200w, https:\/\/i0.wp.com\/bertalansoos.com\/wp-content\/uploads\/2026\/03\/kovacs_patricia_portrefotozas_budapest_soos_bertalan_benu_01.jpg?resize=768%2C1152&amp;ssl=1 768w, https:\/\/i0.wp.com\/bertalansoos.com\/wp-content\/uploads\/2026\/03\/kovacs_patricia_portrefotozas_budapest_soos_bertalan_benu_01.jpg?resize=1024%2C1536&amp;ssl=1 1024w, https:\/\/i0.wp.com\/bertalansoos.com\/wp-content\/uploads\/2026\/03\/kovacs_patricia_portrefotozas_budapest_soos_bertalan_benu_01.jpg?resize=8%2C12&amp;ssl=1 8w, https:\/\/i0.wp.com\/bertalansoos.com\/wp-content\/uploads\/2026\/03\/kovacs_patricia_portrefotozas_budapest_soos_bertalan_benu_01.jpg?resize=900%2C1350&amp;ssl=1 900w, https:\/\/i0.wp.com\/bertalansoos.com\/wp-content\/uploads\/2026\/03\/kovacs_patricia_portrefotozas_budapest_soos_bertalan_benu_01.jpg?w=1067&amp;ssl=1 1067w\" sizes=\"auto, (max-width: 683px) 100vw, 683px\" \/><\/figure>\n<\/figure>\n\n\n\n<div style=\"height:12px\" aria-hidden=\"true\" class=\"wp-block-spacer\"><\/div>\n\n\n\n<div class=\"wp-block-columns is-layout-flex wp-container-core-columns-is-layout-28f84493 wp-block-columns-is-layout-flex\">\n<div class=\"wp-block-column is-layout-flow wp-block-column-is-layout-flow\"><div class=\"taxonomy-category wp-block-post-terms has-text-align-center\"><span class=\"wp-block-post-terms__prefix\">Additional galleries on the topic: <\/span><a href=\"https:\/\/bertalansoos.com\/en\/category\/uzleti-fotozas\/\" rel=\"tag\">Business Photography<\/a><span class=\"wp-block-post-terms__separator\">, <\/span><a href=\"https:\/\/bertalansoos.com\/en\/category\/uzleti-fotozas\/portre-fotozas\/\" rel=\"tag\">Portrait photography<\/a><\/div><\/div>\n\n\n\n<div class=\"wp-block-column is-layout-flow wp-block-column-is-layout-flow\">\n<p class=\"has-text-align-center wp-block-paragraph\">Portrait photographer: Bertalan So\u00f3s<\/p>\n<\/div>\n<\/div>\n\n\n\n<div style=\"height:100px\" aria-hidden=\"true\" class=\"wp-block-spacer\"><\/div>\n\n\n\n<p class=\"wp-block-paragraph\"><\/p>","protected":false},"excerpt":{"rendered":"<p>Portr\u00e9fot\u00f3z\u00e1s a BENU Magazin nyilv\u00e1nos \u00e9s szakmai kiad\u00e1s\u00e1nak vezet\u0151 cikk\u00e9hez, a bor\u00edt\u00f3k\u00e9p \u00e9s az interj\u00fa vizu\u00e1lis anyagak\u00e9nt.<\/p>","protected":false},"author":220967659,"featured_media":19603,"comment_status":"open","ping_status":"open","sticky":false,"template":"","format":"standard","meta":{"cybocfi_hide_featured_image":"yes","_jetpack_newsletter_access":"","_jetpack_dont_email_post_to_subs":false,"_jetpack_newsletter_tier_id":0,"_jetpack_memberships_contains_paywalled_content":false,"_wpcom_ai_launchpad_first_post":false,"_jetpack_feature_clip_id":0,"_jetpack_memberships_contains_paid_content":false,"footnotes":"","jetpack_post_was_ever_published":true},"categories":[46893552,46893406],"tags":[46893571,46893592,46893617,46893590],"class_list":["post-19576","post","type-post","status-publish","format-standard","has-post-thumbnail","hentry","category-uzleti-fotozas","category-portre-fotozas","tag-budapest","tag-fotos","tag-portrefotos","tag-portrefotozas"],"jetpack_shortlink":"https:\/\/wp.me\/pdWYFF-55K","jetpack-related-posts":[{"id":5907,"url":"https:\/\/bertalansoos.com\/en\/uzleti-fotozas\/portrefotozas-miele\/","url_meta":{"origin":19576,"position":0},"title":"Miele","author":"Berci","date":"2023.02.07.","format":false,"excerpt":"Miele Projekt le\u00edr\u00e1s: portr\u00e9 fot\u00f3 \u00e9s c\u00edmlap k\u00e9p k\u00e9sz\u00edt\u00e9s \u00dcgyf\u00e9l:\u00a0Miele Kft\u00a0\/ \u00dcgyn\u00f6ks\u00e9g: Mediator Group Kft Megjelen\u00e9s: SELL magazin 2022\/11 Budapest, Magyarorsz\u00e1g \/ 2022 Fot\u00f3s: So\u00f3s Bertalan","rel":"","context":"In &quot;\u00dczleti fot\u00f3z\u00e1s&quot;","block_context":{"text":"\u00dczleti fot\u00f3z\u00e1s","link":"https:\/\/bertalansoos.com\/en\/category\/uzleti-fotozas\/"},"img":{"alt_text":"","src":"https:\/\/i0.wp.com\/bertalansoos.com\/wp-content\/uploads\/2023\/04\/miele-8069m_cimlap_m_borito2.jpg?fit=1200%2C800&ssl=1&resize=350%2C200","width":350,"height":200,"srcset":"https:\/\/i0.wp.com\/bertalansoos.com\/wp-content\/uploads\/2023\/04\/miele-8069m_cimlap_m_borito2.jpg?fit=1200%2C800&ssl=1&resize=350%2C200 1x, https:\/\/i0.wp.com\/bertalansoos.com\/wp-content\/uploads\/2023\/04\/miele-8069m_cimlap_m_borito2.jpg?fit=1200%2C800&ssl=1&resize=525%2C300 1.5x, https:\/\/i0.wp.com\/bertalansoos.com\/wp-content\/uploads\/2023\/04\/miele-8069m_cimlap_m_borito2.jpg?fit=1200%2C800&ssl=1&resize=700%2C400 2x, https:\/\/i0.wp.com\/bertalansoos.com\/wp-content\/uploads\/2023\/04\/miele-8069m_cimlap_m_borito2.jpg?fit=1200%2C800&ssl=1&resize=1050%2C600 3x"},"classes":[]},{"id":5462,"url":"https:\/\/bertalansoos.com\/en\/uzleti-fotozas\/portrefotozas-mastercard\/","url_meta":{"origin":19576,"position":1},"title":"Mastercard","author":"Berci","date":"2023.02.07.","format":false,"excerpt":"Mastercard Projekt le\u00edr\u00e1s: portr\u00e9fot\u00f3z\u00e1s k\u00fcls\u0151 \u00e9s bels\u0151 helysz\u00ednen \u00dcgyf\u00e9l:\u00a0MasterCard Magyarorsz\u00e1g Kft\u00a0\/ \u00dcgyn\u00f6ks\u00e9g: Localtime Budapest Kft Budapest, Magyarorsz\u00e1g \/ 2021 Fot\u00f3s: So\u00f3s Bertalan","rel":"","context":"In &quot;\u00dczleti fot\u00f3z\u00e1s&quot;","block_context":{"text":"\u00dczleti fot\u00f3z\u00e1s","link":"https:\/\/bertalansoos.com\/en\/category\/uzleti-fotozas\/"},"img":{"alt_text":"","src":"https:\/\/i0.wp.com\/bertalansoos.com\/wp-content\/uploads\/2023\/03\/Mastercard_cover_2.jpg?fit=1200%2C800&ssl=1&resize=350%2C200","width":350,"height":200,"srcset":"https:\/\/i0.wp.com\/bertalansoos.com\/wp-content\/uploads\/2023\/03\/Mastercard_cover_2.jpg?fit=1200%2C800&ssl=1&resize=350%2C200 1x, https:\/\/i0.wp.com\/bertalansoos.com\/wp-content\/uploads\/2023\/03\/Mastercard_cover_2.jpg?fit=1200%2C800&ssl=1&resize=525%2C300 1.5x, https:\/\/i0.wp.com\/bertalansoos.com\/wp-content\/uploads\/2023\/03\/Mastercard_cover_2.jpg?fit=1200%2C800&ssl=1&resize=700%2C400 2x, https:\/\/i0.wp.com\/bertalansoos.com\/wp-content\/uploads\/2023\/03\/Mastercard_cover_2.jpg?fit=1200%2C800&ssl=1&resize=1050%2C600 3x"},"classes":[]},{"id":5750,"url":"https:\/\/bertalansoos.com\/en\/uzleti-fotozas\/portre-fotozas\/108-agency\/","url_meta":{"origin":19576,"position":2},"title":"108 Agency","author":"Berci","date":"2023.02.07.","format":false,"excerpt":"108 Agency Projekt le\u00edr\u00e1s: csoportk\u00e9p \u00e9s portr\u00e9 fot\u00f3z\u00e1s \u00dcgyf\u00e9l:\u00a0108 Agency Hungary Kft Budapest, Magyarorsz\u00e1g \/ 2022","rel":"","context":"In &quot;\u00dczleti fot\u00f3z\u00e1s&quot;","block_context":{"text":"\u00dczleti fot\u00f3z\u00e1s","link":"https:\/\/bertalansoos.com\/en\/category\/uzleti-fotozas\/"},"img":{"alt_text":"","src":"https:\/\/i0.wp.com\/bertalansoos.com\/wp-content\/uploads\/2023\/02\/Portre_fotozas_108Agency_08.jpg?fit=1200%2C800&ssl=1&resize=350%2C200","width":350,"height":200,"srcset":"https:\/\/i0.wp.com\/bertalansoos.com\/wp-content\/uploads\/2023\/02\/Portre_fotozas_108Agency_08.jpg?fit=1200%2C800&ssl=1&resize=350%2C200 1x, https:\/\/i0.wp.com\/bertalansoos.com\/wp-content\/uploads\/2023\/02\/Portre_fotozas_108Agency_08.jpg?fit=1200%2C800&ssl=1&resize=525%2C300 1.5x, https:\/\/i0.wp.com\/bertalansoos.com\/wp-content\/uploads\/2023\/02\/Portre_fotozas_108Agency_08.jpg?fit=1200%2C800&ssl=1&resize=700%2C400 2x, https:\/\/i0.wp.com\/bertalansoos.com\/wp-content\/uploads\/2023\/02\/Portre_fotozas_108Agency_08.jpg?fit=1200%2C800&ssl=1&resize=1050%2C600 3x"},"classes":[]},{"id":19639,"url":"https:\/\/bertalansoos.com\/en\/blog\/budapest-utcai-portrefotozas\/","url_meta":{"origin":19576,"position":3},"title":"Telephoto Street Portrait","author":"Berci","date":"2026.03.22.","format":false,"excerpt":"Teleobjekt\u00edves v\u00e1rosi portr\u00e9fot\u00f3z\u00e1s Ezt a sorozatot a F\u0151v\u00e1m t\u00e9r k\u00f6rny\u00e9k\u00e9n k\u00e9sz\u00edtett\u00fck Sophia Schuck modellel \u00e9s Megulesz T\u00edcia sminkessel. Az alap\u00f6tlet egyszer\u0171 volt: k\u00edv\u00e1ncsi voltam, mi t\u00f6rt\u00e9nik, ha a megszokott portr\u00e9-gy\u00fajt\u00f3t\u00e1vols\u00e1gok helyett val\u00f3di nagy\u00e1gy\u00fakat, teleobjekt\u00edveket vetek be egy utcai portr\u00e9z\u00e1s sor\u00e1n. A Nikon Z8 v\u00e1zon a j\u00f3l bev\u00e1lt NIKKOR Z 85mm\u2026","rel":"","context":"In &quot;Szem\u00e9lyes k\u00e9pgal\u00e9ri\u00e1k \u00e9s blog bejegyz\u00e9sek&quot;","block_context":{"text":"Szem\u00e9lyes k\u00e9pgal\u00e9ri\u00e1k \u00e9s blog bejegyz\u00e9sek","link":"https:\/\/bertalansoos.com\/en\/category\/blog\/"},"img":{"alt_text":"","src":"https:\/\/i0.wp.com\/bertalansoos.com\/wp-content\/uploads\/2026\/03\/portrefotozas-teleobjektiv.jpg?fit=1200%2C800&ssl=1&resize=350%2C200","width":350,"height":200,"srcset":"https:\/\/i0.wp.com\/bertalansoos.com\/wp-content\/uploads\/2026\/03\/portrefotozas-teleobjektiv.jpg?fit=1200%2C800&ssl=1&resize=350%2C200 1x, https:\/\/i0.wp.com\/bertalansoos.com\/wp-content\/uploads\/2026\/03\/portrefotozas-teleobjektiv.jpg?fit=1200%2C800&ssl=1&resize=525%2C300 1.5x, https:\/\/i0.wp.com\/bertalansoos.com\/wp-content\/uploads\/2026\/03\/portrefotozas-teleobjektiv.jpg?fit=1200%2C800&ssl=1&resize=700%2C400 2x, https:\/\/i0.wp.com\/bertalansoos.com\/wp-content\/uploads\/2026\/03\/portrefotozas-teleobjektiv.jpg?fit=1200%2C800&ssl=1&resize=1050%2C600 3x"},"classes":[]},{"id":5553,"url":"https:\/\/bertalansoos.com\/en\/uzleti-fotozas\/portrefotozas-portrek\/","url_meta":{"origin":19576,"position":4},"title":"Headshot","author":"Berci","date":"2023.02.07.","format":false,"excerpt":"Portr\u00e9k Projekt le\u00edr\u00e1s: portr\u00e9fot\u00f3z\u00e1s, k\u00f6zeli portr\u00e9k vegyesen Budapest, Magyarorsz\u00e1g \/ 2018 - Fot\u00f3s: So\u00f3s Bertalan","rel":"","context":"In &quot;\u00dczleti fot\u00f3z\u00e1s&quot;","block_context":{"text":"\u00dczleti fot\u00f3z\u00e1s","link":"https:\/\/bertalansoos.com\/en\/category\/uzleti-fotozas\/"},"img":{"alt_text":"","src":"https:\/\/i0.wp.com\/bertalansoos.com\/wp-content\/uploads\/2023\/02\/Headshots_cover.jpg?fit=1200%2C800&ssl=1&resize=350%2C200","width":350,"height":200,"srcset":"https:\/\/i0.wp.com\/bertalansoos.com\/wp-content\/uploads\/2023\/02\/Headshots_cover.jpg?fit=1200%2C800&ssl=1&resize=350%2C200 1x, https:\/\/i0.wp.com\/bertalansoos.com\/wp-content\/uploads\/2023\/02\/Headshots_cover.jpg?fit=1200%2C800&ssl=1&resize=525%2C300 1.5x, https:\/\/i0.wp.com\/bertalansoos.com\/wp-content\/uploads\/2023\/02\/Headshots_cover.jpg?fit=1200%2C800&ssl=1&resize=700%2C400 2x, https:\/\/i0.wp.com\/bertalansoos.com\/wp-content\/uploads\/2023\/02\/Headshots_cover.jpg?fit=1200%2C800&ssl=1&resize=1050%2C600 3x"},"classes":[]},{"id":5925,"url":"https:\/\/bertalansoos.com\/en\/uzleti-fotozas\/philips\/","url_meta":{"origin":19576,"position":5},"title":"Philips","author":"Berci","date":"2023.02.07.","format":false,"excerpt":"Philips Projekt le\u00edr\u00e1s: portr\u00e9fot\u00f3z\u00e1s \u00dcgyf\u00e9l:\u00a0Philips Budapest, Magyarorsz\u00e1g \/ 2022 Fot\u00f3s: So\u00f3s Bertalan","rel":"","context":"In &quot;\u00dczleti fot\u00f3z\u00e1s&quot;","block_context":{"text":"\u00dczleti fot\u00f3z\u00e1s","link":"https:\/\/bertalansoos.com\/en\/category\/uzleti-fotozas\/"},"img":{"alt_text":"","src":"https:\/\/i0.wp.com\/bertalansoos.com\/wp-content\/uploads\/2023\/02\/Philips_portre_fotozas_5.jpg?fit=1200%2C800&ssl=1&resize=350%2C200","width":350,"height":200,"srcset":"https:\/\/i0.wp.com\/bertalansoos.com\/wp-content\/uploads\/2023\/02\/Philips_portre_fotozas_5.jpg?fit=1200%2C800&ssl=1&resize=350%2C200 1x, https:\/\/i0.wp.com\/bertalansoos.com\/wp-content\/uploads\/2023\/02\/Philips_portre_fotozas_5.jpg?fit=1200%2C800&ssl=1&resize=525%2C300 1.5x, https:\/\/i0.wp.com\/bertalansoos.com\/wp-content\/uploads\/2023\/02\/Philips_portre_fotozas_5.jpg?fit=1200%2C800&ssl=1&resize=700%2C400 2x, https:\/\/i0.wp.com\/bertalansoos.com\/wp-content\/uploads\/2023\/02\/Philips_portre_fotozas_5.jpg?fit=1200%2C800&ssl=1&resize=1050%2C600 3x"},"classes":[]}],"jetpack_sharing_enabled":true,"amp_enabled":true,"jetpack_featured_media_url":"https:\/\/i0.wp.com\/bertalansoos.com\/wp-content\/uploads\/2026\/03\/portrefotos_budapest_magazin_soos_bertalan.jpg?fit=1600%2C1067&ssl=1","_links":{"self":[{"href":"https:\/\/bertalansoos.com\/en\/wp-json\/wp\/v2\/posts\/19576","targetHints":{"allow":["GET"]}}],"collection":[{"href":"https:\/\/bertalansoos.com\/en\/wp-json\/wp\/v2\/posts"}],"about":[{"href":"https:\/\/bertalansoos.com\/en\/wp-json\/wp\/v2\/types\/post"}],"author":[{"embeddable":true,"href":"https:\/\/bertalansoos.com\/en\/wp-json\/wp\/v2\/users\/220967659"}],"replies":[{"embeddable":true,"href":"https:\/\/bertalansoos.com\/en\/wp-json\/wp\/v2\/comments?post=19576"}],"version-history":[{"count":17,"href":"https:\/\/bertalansoos.com\/en\/wp-json\/wp\/v2\/posts\/19576\/revisions"}],"predecessor-version":[{"id":19927,"href":"https:\/\/bertalansoos.com\/en\/wp-json\/wp\/v2\/posts\/19576\/revisions\/19927"}],"wp:featuredmedia":[{"embeddable":true,"href":"https:\/\/bertalansoos.com\/en\/wp-json\/wp\/v2\/media\/19603"}],"wp:attachment":[{"href":"https:\/\/bertalansoos.com\/en\/wp-json\/wp\/v2\/media?parent=19576"}],"wp:term":[{"taxonomy":"category","embeddable":true,"href":"https:\/\/bertalansoos.com\/en\/wp-json\/wp\/v2\/categories?post=19576"},{"taxonomy":"post_tag","embeddable":true,"href":"https:\/\/bertalansoos.com\/en\/wp-json\/wp\/v2\/tags?post=19576"}],"curies":[{"name":"wp","href":"https:\/\/api.w.org\/{rel}","templated":true}]}}